{"id":1429,"date":"2025-02-04T09:54:07","date_gmt":"2025-02-04T09:54:07","guid":{"rendered":"https:\/\/grpe-alt.com\/gap1\/?p=1429"},"modified":"2025-10-13T09:13:23","modified_gmt":"2025-10-13T09:13:23","slug":"journees-portes-ouvertes","status":"publish","type":"post","link":"https:\/\/grpe-alt.com\/gap1\/journees-portes-ouvertes\/","title":{"rendered":"Plongez au c\u0153ur du savoir-faire artisanal de La Sabl\u00e9sienne ! Lors de nos journ\u00e9es portes ouvertes."},"content":{"rendered":"\n<p>\u00c0 l\u2019occasion de son <strong>60\u1d49 anniversaire<\/strong>, La Sabl\u00e9sienne vous invite \u00e0 des journ\u00e9es portes ouvertes exceptionnelles le <strong>samedi 22 juin 2024<\/strong> \u00e0 <strong>Sabl\u00e9-sur-Sarthe<\/strong>. Venez d\u00e9couvrir l\u2019histoire et les secrets de fabrication de notre <a href=\"https:\/\/www.lesgavroches.paris\/\">biscuiterie artisanale<\/a>, labellis\u00e9e <strong>Entreprise du Patrimoine Vivant<\/strong> depuis d\u00e9cembre 2022.<\/p>\n\n\n\n<figure class=\"wp-block-video\"><video height=\"360\" style=\"aspect-ratio: 640 \/ 360;\" width=\"640\" controls src=\"https:\/\/grpe-alt.com\/gap1\/wp-content\/uploads\/2025\/02\/Temoignage-La-Sablesienne-Exposant-2019.mp4\"><\/video><\/figure>\n\n\n\n<h2 class=\"wp-block-heading has-ast-global-color-0-color has-text-color has-link-color wp-elements-bdd53665b331a1322ea74ee69d329c7f\"><strong>Une immersion gourmande et festive<\/strong> lors de nos journ\u00e9es portes ouvertes<\/h2>\n\n\n\n<p>Lors de cette journ\u00e9e, nos experts Patrick et Lionel vous guideront \u00e0 travers les diff\u00e9rentes \u00e9tapes de production lors de <strong>visites exclusives<\/strong> \u00e0 10h, 11h, 14h, 15h et 16h. Vous pourrez \u00e9galement savourer nos d\u00e9licieux biscuits lors des <strong>d\u00e9gustations<\/strong> pr\u00e9vues \u00e0 11h et 16h, Lors de journ\u00e9es portes ouvertes.<\/p>\n\n\n\n<div class=\"wp-block-uagb-image uagb-block-03b84b72 wp-block-uagb-image--layout-default wp-block-uagb-image--effect-static wp-block-uagb-image--align-none\"><figure class=\"wp-block-uagb-image__figure\"><img decoding=\"async\" srcset=\"https:\/\/grpe-alt.com\/gap1\/wp-content\/uploads\/2024\/12\/pexels-pixabay-302539-1-690x1024.jpg ,https:\/\/grpe-alt.com\/gap1\/wp-content\/uploads\/2024\/12\/pexels-pixabay-302539-1-scaled.jpg 780w, https:\/\/grpe-alt.com\/gap1\/wp-content\/uploads\/2024\/12\/pexels-pixabay-302539-1-scaled.jpg 360w\" sizes=\"auto, (max-width: 480px) 150px\" src=\"https:\/\/grpe-alt.com\/gap1\/wp-content\/uploads\/2024\/12\/pexels-pixabay-302539-1-690x1024.jpg\" alt=\"Biscuits expos\u00e9s lors de nos journ\u00e9es portes ouvertes\" class=\"uag-image-1287\" width=\"690\" height=\"1024\" title=\"biscuits-expos\u00e9s-nos-journ\u00e9es-portes-ouvertes\" loading=\"lazy\" role=\"img\"\/><\/figure><\/div>\n\n\n\n<h3 class=\"wp-block-heading has-ast-global-color-0-color has-text-color has-link-color wp-elements-532202c8632dffbaa915a45f0a799d15\"><strong>Des animations pour petits et grands<\/strong><\/h3>\n\n\n\n<p>\u00c0 15h, un <strong><a href=\"https:\/\/www.sablesienne.com\/fr\/\">atelier chocolat<\/a><\/strong> attend les enfants pour un moment ludique et gourmand. Tout au long de la journ\u00e9e, profitez de <strong>jeux concours, d\u2019une d\u00e9gustation de th\u00e9 et de jeux gonflables<\/strong> en ext\u00e9rieur.<\/p>\n\n\n\n<ul class=\"wp-block-list\">\n<li><strong>Rendez-vous au 1 avenue Jean Monnet, 72300 Sabl\u00e9-sur-Sarthe.<\/strong><\/li>\n\n\n\n<li><strong>Entr\u00e9e libre \u2013 Inscription obligatoire pour les visites et l\u2019atelier en m\u00e9diath\u00e8que.<\/strong>Venez nombreux c\u00e9l\u00e9brer <strong>60 ans de passion et d\u2019authenticit\u00e9<\/strong> ! <\/li>\n<\/ul>\n\n\n\n<p class=\"has-text-align-center\">D\u00e9couvrez notre boutique : <\/p>\n\n\n\n<div class=\"wp-block-buttons is-content-justification-center is-layout-flex wp-container-core-buttons-is-layout-a89b3969 wp-block-buttons-is-layout-flex\">\n<div class=\"wp-block-button\"><a class=\"wp-block-button__link wp-element-button\" href=\"https:\/\/grpe-alt.com\/gap1\/la-sablesienne-bisuiterie-aartisanale\/\">Cliquez ici<\/a><\/div>\n<\/div>\n\n\n\n<p><\/p>\n","protected":false},"excerpt":{"rendered":"<p>\u00c0 l\u2019occasion de son 60\u1d49 anniversaire, La Sabl\u00e9sienne vous invite \u00e0 des journ\u00e9es portes ouvertes exceptionnelles le samedi 22 juin 2024 \u00e0 Sabl\u00e9-sur-Sarthe. Venez d\u00e9couvrir l\u2019histoire et les secrets de fabrication de notre biscuiterie artisanale, labellis\u00e9e Entreprise du Patrimoine Vivant depuis d\u00e9cembre 2022. Une immersion gourmande et festive lors de nos journ\u00e9es portes ouvertes Lors [&hellip;]<\/p>\n","protected":false},"author":1,"featured_media":1284,"comment_status":"open","ping_status":"open","sticky":true,"template":"","format":"standard","meta":{"_uag_custom_page_level_css":"","site-sidebar-layout":"default","site-content-layout":"","ast-site-content-layout":"default","site-content-style":"default","site-sidebar-style":"default","ast-global-header-display":"","ast-banner-title-visibility":"","ast-main-header-display":"","ast-hfb-above-header-display":"","ast-hfb-below-header-display":"","ast-hfb-mobile-header-display":"","site-post-title":"","ast-breadcrumbs-content":"","ast-featured-img":"","footer-sml-layout":"","ast-disable-related-posts":"","theme-transparent-header-meta":"","adv-header-id-meta":"","stick-header-meta":"","header-above-stick-meta":"","header-main-stick-meta":"","header-below-stick-meta":"","astra-migrate-meta-layouts":"default","ast-page-background-enabled":"default","ast-page-background-meta":{"desktop":{"background-color":"var(--ast-global-color-4)","background-image":"","background-repeat":"repeat","background-position":"center center","background-size":"auto","background-attachment":"scroll","background-type":"","background-media":"","overlay-type":"","overlay-color":"","overlay-opacity":"","overlay-gradient":""},"tablet":{"background-color":"","background-image":"","background-repeat":"repeat","background-position":"center center","background-size":"auto","background-attachment":"scroll","background-type":"","background-media":"","overlay-type":"","overlay-color":"","overlay-opacity":"","overlay-gradient":""},"mobile":{"background-color":"","background-image":"","background-repeat":"repeat","background-position":"center center","background-size":"auto","background-attachment":"scroll","background-type":"","background-media":"","overlay-type":"","overlay-color":"","overlay-opacity":"","overlay-gradient":""}},"ast-content-background-meta":{"desktop":{"background-color":"var(--ast-global-color-5)","background-image":"","background-repeat":"repeat","background-position":"center center","background-size":"auto","background-attachment":"scroll","background-type":"","background-media":"","overlay-type":"","overlay-color":"","overlay-opacity":"","overlay-gradient":""},"tablet":{"background-color":"var(--ast-global-color-5)","background-image":"","background-repeat":"repeat","background-position":"center center","background-size":"auto","background-attachment":"scroll","background-type":"","background-media":"","overlay-type":"","overlay-color":"","overlay-opacity":"","overlay-gradient":""},"mobile":{"background-color":"var(--ast-global-color-5)","background-image":"","background-repeat":"repeat","background-position":"center center","background-size":"auto","background-attachment":"scroll","background-type":"","background-media":"","overlay-type":"","overlay-color":"","overlay-opacity":"","overlay-gradient":""}},"footnotes":""},"categories":[57],"tags":[65,68,67,66],"class_list":["post-1429","post","type-post","status-publish","format-standard","has-post-thumbnail","hentry","category-biscuits-artisanaux-bio","tag-journees","tag-la-sablesienne","tag-ouvertes","tag-portes"],"uagb_featured_image_src":{"full":["https:\/\/grpe-alt.com\/gap1\/wp-content\/uploads\/2024\/12\/pexels-leszek-czyzewski-259819851-29691316-1-scaled.jpg",2560,1707,false],"thumbnail":["https:\/\/grpe-alt.com\/gap1\/wp-content\/uploads\/2024\/12\/pexels-leszek-czyzewski-259819851-29691316-1-150x150.jpg",150,150,true],"medium":["https:\/\/grpe-alt.com\/gap1\/wp-content\/uploads\/2024\/12\/pexels-leszek-czyzewski-259819851-29691316-1-300x200.jpg",300,200,true],"medium_large":["https:\/\/grpe-alt.com\/gap1\/wp-content\/uploads\/2024\/12\/pexels-leszek-czyzewski-259819851-29691316-1-768x512.jpg",768,512,true],"large":["https:\/\/grpe-alt.com\/gap1\/wp-content\/uploads\/2024\/12\/pexels-leszek-czyzewski-259819851-29691316-1-1024x683.jpg",1024,683,true],"1536x1536":["https:\/\/grpe-alt.com\/gap1\/wp-content\/uploads\/2024\/12\/pexels-leszek-czyzewski-259819851-29691316-1-1536x1024.jpg",1536,1024,true],"2048x2048":["https:\/\/grpe-alt.com\/gap1\/wp-content\/uploads\/2024\/12\/pexels-leszek-czyzewski-259819851-29691316-1-2048x1365.jpg",2048,1365,true]},"uagb_author_info":{"display_name":"apa16","author_link":"https:\/\/grpe-alt.com\/gap1\/author\/apa16\/"},"uagb_comment_info":0,"uagb_excerpt":"\u00c0 l\u2019occasion de son 60\u1d49 anniversaire, La Sabl\u00e9sienne vous invite \u00e0 des journ\u00e9es portes ouvertes exceptionnelles le samedi 22 juin 2024 \u00e0 Sabl\u00e9-sur-Sarthe. Venez d\u00e9couvrir l\u2019histoire et les secrets de fabrication de notre biscuiterie artisanale, labellis\u00e9e Entreprise du Patrimoine Vivant depuis d\u00e9cembre 2022. Une immersion gourmande et festive lors de nos journ\u00e9es portes ouvertes Lors\u2026","_links":{"self":[{"href":"https:\/\/grpe-alt.com\/gap1\/wp-json\/wp\/v2\/posts\/1429","targetHints":{"allow":["GET"]}}],"collection":[{"href":"https:\/\/grpe-alt.com\/gap1\/wp-json\/wp\/v2\/posts"}],"about":[{"href":"https:\/\/grpe-alt.com\/gap1\/wp-json\/wp\/v2\/types\/post"}],"author":[{"embeddable":true,"href":"https:\/\/grpe-alt.com\/gap1\/wp-json\/wp\/v2\/users\/1"}],"replies":[{"embeddable":true,"href":"https:\/\/grpe-alt.com\/gap1\/wp-json\/wp\/v2\/comments?post=1429"}],"version-history":[{"count":15,"href":"https:\/\/grpe-alt.com\/gap1\/wp-json\/wp\/v2\/posts\/1429\/revisions"}],"predecessor-version":[{"id":2022,"href":"https:\/\/grpe-alt.com\/gap1\/wp-json\/wp\/v2\/posts\/1429\/revisions\/2022"}],"wp:featuredmedia":[{"embeddable":true,"href":"https:\/\/grpe-alt.com\/gap1\/wp-json\/wp\/v2\/media\/1284"}],"wp:attachment":[{"href":"https:\/\/grpe-alt.com\/gap1\/wp-json\/wp\/v2\/media?parent=1429"}],"wp:term":[{"taxonomy":"category","embeddable":true,"href":"https:\/\/grpe-alt.com\/gap1\/wp-json\/wp\/v2\/categories?post=1429"},{"taxonomy":"post_tag","embeddable":true,"href":"https:\/\/grpe-alt.com\/gap1\/wp-json\/wp\/v2\/tags?post=1429"}],"curies":[{"name":"wp","href":"https:\/\/api.w.org\/{rel}","templated":true}]}}